[{"@context":"https:\/\/schema.org\/","@type":"Article","@id":"https:\/\/www.aleacb.cz\/v-zamestnani-uvitame-prijemne-prostredi\/#Article","mainEntityOfPage":"https:\/\/www.aleacb.cz\/v-zamestnani-uvitame-prijemne-prostredi\/","headline":"V zam\u011bstn\u00e1n\u00ed uv\u00edt\u00e1me p\u0159\u00edjemn\u00e9 prost\u0159ed\u00ed","name":"V zam\u011bstn\u00e1n\u00ed uv\u00edt\u00e1me p\u0159\u00edjemn\u00e9 prost\u0159ed\u00ed","description":"V ka\u017ed\u00e9m prost\u0159ed\u00ed se chceme c\u00edtit dob\u0159e. To plat\u00ed i pro zam\u011bstn\u00e1n\u00ed, ve kter\u00e9m tr\u00e1v\u00edme spoustu \u010dasu. P\u0159\u00edjemn\u00e9 prost\u0159ed\u00ed ovliv\u0148uje i na\u0161i v\u00fdkonnost, stejn\u011b jako klid na pr\u00e1ci. N\u011bkdy se m\u016f\u017ee st\u00e1t, \u017ee jsme nuceni v pr\u00e1ci str\u00e1vit v\u00edce \u010dasu, ne\u017e by n\u00e1m bylo mil\u00e9. Nemus\u00edte-li p\u0159i za\u0159izov\u00e1n\u00ed p\u0159ihl\u00ed\u017eet k finan\u010dn\u00edm mo\u017enostem, m\u00e1te to o dost jednodu\u0161\u0161\u00ed.K \u010demu p\u0159i za\u0159izov\u00e1n\u00ed kancel\u00e1\u0159e p\u0159ihl\u00e9dnout? Jestli jste nuceni, v\u011bt\u0161inu pracovn\u00ed doby tr\u00e1vit v sed\u011b, zam\u011b\u0159te se v prvn\u00ed \u0159ad\u011b na po\u0159\u00edzen\u00ed \u017eidle. V p\u0159\u00edpad\u011b, \u017ee si vyberete nevhodnou \u017eidli, m\u016f\u017eete si p\u0159ivodit zdravotn\u00ed pot\u00ed\u017ee ve form\u011b bolesti zad. V\u011b\u0159te, \u017ee bolesti hlavy a zad v\u00e1s budou v pr\u00e1ci omezovat a va\u0161e v\u00fdkonnost poklesne. Spr\u00e1vn\u00e1 \u017eidle by m\u011bla b\u00fdt ur\u010dit\u011b ergonomick\u00e1. Pokud m\u00e1te probl\u00e9my s p\u00e1te\u0159\u00ed, dbejte na to, aby \u017eidle m\u011bla bedern\u00ed vyklenut\u00ed a podp\u00edrala z\u00e1da v tom spr\u00e1vn\u00e9m m\u00edst\u011b. Ur\u010dit\u011b prosp\u011b\u0161n\u00e9 jsou podru\u010dky. L\u00e9pe ud\u011bl\u00e1te, kdy\u017e si po\u0159\u00edd\u00edte \u017eidli s odn\u00edmac\u00edmi podru\u010dkami. Abyste ulevili unaven\u00e9 kr\u010dn\u00ed p\u00e1te\u0159i, je vhodn\u00e9, aby \u017eidle byla opat\u0159ena op\u011brkou hlavy.St\u016fl je tak\u00e9 neodmyslitelnou sou\u010d\u00e1st\u00ed dob\u0159e vybaven\u00e9 kancel\u00e1\u0159e. Pop\u0159em\u00fd\u0161lejte, kolik prostoru budete na stole pot\u0159ebovat, co v\u0161e na n\u011bj mus\u00edte um\u00edstit. Jestli v\u00e1m bude v\u00edce vyhovovat rovn\u00fd nebo rohov\u00fd. Ke stolu by m\u011bla b\u00fdt vhodn\u011b zvolena \u017eidle. Na st\u016fl pat\u0159\u00ed i lampi\u010dka. Dobr\u00e9 osv\u011btlen\u00ed je tak\u00e9 velmi d\u016fle\u017eit\u00e9. Sv\u011btlo si m\u016f\u017eete zvolit podle toho, jak\u00e9 v\u00e1m vyhovuje. N\u011bkdo ocen\u00ed jasn\u011b z\u00e1\u0159iv\u00e9 LED sv\u011btlo. Jin\u00e9mu je p\u0159\u00edjemn\u011bj\u0161\u00ed tlumen\u00e9 osv\u011btlen\u00ed. V ka\u017ed\u00e9m p\u0159\u00edpad\u011b by m\u011blo sv\u011btlo osv\u011btlovat v\u011bt\u0161\u00ed \u010d\u00e1st va\u0161\u00ed pracovn\u00ed plochy. Dos\u00e1hnete toho, pokud si vyberete lampi\u010dku s nastaviteln\u00fdm st\u00ednidlem. Lampi\u010dka m\u016f\u017ee b\u00fdt i designov\u00fdm prvkem kancel\u00e1\u0159e. K p\u0159\u00edjemn\u00e9mu prost\u0159ed\u00ed nepat\u0159\u00ed jen n\u00e1bytek, ale i kv\u011btiny v\u00e1m dok\u00e1\u017e\u00ed interi\u00e9r velmi z\u00fatulnit. Stejn\u011b tak, jako p\u00e1r drobnost\u00ed, kter\u00e9 jsou v\u00e1m bl\u00edzk\u00e9. Na st\u016fl si m\u016f\u017eete um\u00edstit t\u0159eba fotografii n\u011bkoho bl\u00edzk\u00e9ho. 4.4\/5 - (8 votes)","datePublished":"2018-06-16","dateModified":"2023-04-30","author":{"@type":"Person","@id":"https:\/\/www.aleacb.cz\/author\/#Person","name":"2clean.cz","url":"https:\/\/www.aleacb.cz\/author\/","identifier":1,"image":{"@type":"ImageObject","@id":"https:\/\/secure.gravatar.com\/avatar\/e4532b7f65738965bbad8697e5bd54c0628af7bffe8d3c856885c44d86978cee?s=96&d=mm&r=g","url":"https:\/\/secure.gravatar.com\/avatar\/e4532b7f65738965bbad8697e5bd54c0628af7bffe8d3c856885c44d86978cee?s=96&d=mm&r=g","height":96,"width":96}},"publisher":{"@type":"Organization","name":"aleacb.cz","logo":{"@type":"ImageObject","@id":"\/logo.png","url":"\/logo.png","width":600,"height":60}},"image":{"@type":"ImageObject","@id":"https:\/\/www.aleacb.cz\/wp-content\/uploads\/img_a321081_w2406_t1532249295.jpg","url":"https:\/\/www.aleacb.cz\/wp-content\/uploads\/img_a321081_w2406_t1532249295.jpg","height":0,"width":0},"url":"https:\/\/www.aleacb.cz\/v-zamestnani-uvitame-prijemne-prostredi\/","about":["Business"],"wordCount":440,"articleBody":"V ka\u017ed\u00e9m prost\u0159ed\u00ed se chceme c\u00edtit dob\u0159e. To plat\u00ed i pro zam\u011bstn\u00e1n\u00ed, ve kter\u00e9m tr\u00e1v\u00edme spoustu \u010dasu. P\u0159\u00edjemn\u00e9 prost\u0159ed\u00ed ovliv\u0148uje i na\u0161i v\u00fdkonnost, stejn\u011b jako klid na pr\u00e1ci. N\u011bkdy se m\u016f\u017ee st\u00e1t, \u017ee jsme nuceni v pr\u00e1ci str\u00e1vit v\u00edce \u010dasu, ne\u017e by n\u00e1m bylo mil\u00e9. Nemus\u00edte-li p\u0159i za\u0159izov\u00e1n\u00ed p\u0159ihl\u00ed\u017eet k finan\u010dn\u00edm mo\u017enostem, m\u00e1te to o dost jednodu\u0161\u0161\u00ed.K \u010demu p\u0159i za\u0159izov\u00e1n\u00ed kancel\u00e1\u0159e p\u0159ihl\u00e9dnout? Jestli jste nuceni, v\u011bt\u0161inu pracovn\u00ed doby tr\u00e1vit v sed\u011b, zam\u011b\u0159te se v prvn\u00ed \u0159ad\u011b na po\u0159\u00edzen\u00ed \u017eidle. V p\u0159\u00edpad\u011b, \u017ee si vyberete nevhodnou \u017eidli, m\u016f\u017eete si p\u0159ivodit zdravotn\u00ed pot\u00ed\u017ee ve form\u011b bolesti zad. V\u011b\u0159te, \u017ee bolesti hlavy a zad v\u00e1s budou v pr\u00e1ci omezovat a va\u0161e v\u00fdkonnost poklesne. Spr\u00e1vn\u00e1 \u017eidle by m\u011bla b\u00fdt ur\u010dit\u011b ergonomick\u00e1. Pokud m\u00e1te probl\u00e9my s p\u00e1te\u0159\u00ed, dbejte na to, aby \u017eidle m\u011bla bedern\u00ed vyklenut\u00ed a podp\u00edrala z\u00e1da v tom spr\u00e1vn\u00e9m m\u00edst\u011b. Ur\u010dit\u011b prosp\u011b\u0161n\u00e9 jsou podru\u010dky. L\u00e9pe ud\u011bl\u00e1te, kdy\u017e si po\u0159\u00edd\u00edte \u017eidli s odn\u00edmac\u00edmi podru\u010dkami. Abyste ulevili unaven\u00e9 kr\u010dn\u00ed p\u00e1te\u0159i, je vhodn\u00e9, aby \u017eidle byla opat\u0159ena op\u011brkou hlavy.St\u016fl je tak\u00e9 neodmyslitelnou sou\u010d\u00e1st\u00ed dob\u0159e vybaven\u00e9 kancel\u00e1\u0159e. Pop\u0159em\u00fd\u0161lejte, kolik prostoru budete na stole pot\u0159ebovat, co v\u0161e na n\u011bj mus\u00edte um\u00edstit. Jestli v\u00e1m bude v\u00edce vyhovovat rovn\u00fd nebo rohov\u00fd. Ke stolu by m\u011bla b\u00fdt vhodn\u011b zvolena \u017eidle. Na st\u016fl pat\u0159\u00ed i lampi\u010dka. Dobr\u00e9 osv\u011btlen\u00ed je tak\u00e9 velmi d\u016fle\u017eit\u00e9. Sv\u011btlo si m\u016f\u017eete zvolit podle toho, jak\u00e9 v\u00e1m vyhovuje. N\u011bkdo ocen\u00ed jasn\u011b z\u00e1\u0159iv\u00e9 LED sv\u011btlo. Jin\u00e9mu je p\u0159\u00edjemn\u011bj\u0161\u00ed tlumen\u00e9 osv\u011btlen\u00ed. V ka\u017ed\u00e9m p\u0159\u00edpad\u011b by m\u011blo sv\u011btlo osv\u011btlovat v\u011bt\u0161\u00ed \u010d\u00e1st va\u0161\u00ed pracovn\u00ed plochy. Dos\u00e1hnete toho, pokud si vyberete lampi\u010dku s nastaviteln\u00fdm st\u00ednidlem. Lampi\u010dka m\u016f\u017ee b\u00fdt i designov\u00fdm prvkem kancel\u00e1\u0159e. K p\u0159\u00edjemn\u00e9mu prost\u0159ed\u00ed nepat\u0159\u00ed jen n\u00e1bytek, ale i kv\u011btiny v\u00e1m dok\u00e1\u017e\u00ed interi\u00e9r velmi z\u00fatulnit. Stejn\u011b tak, jako p\u00e1r drobnost\u00ed, kter\u00e9 jsou v\u00e1m bl\u00edzk\u00e9. Na st\u016fl si m\u016f\u017eete um\u00edstit t\u0159eba fotografii n\u011bkoho bl\u00edzk\u00e9ho.                                                                                                                                                                                                                                                                                                                                                                                        4.4\/5 - (8 votes)        "},{"@context":"https:\/\/schema.org\/","@type":"BreadcrumbList","itemListElement":[{"@type":"ListItem","position":1,"name":"V zam\u011bstn\u00e1n\u00ed uv\u00edt\u00e1me p\u0159\u00edjemn\u00e9 prost\u0159ed\u00ed","item":"https:\/\/www.aleacb.cz\/v-zamestnani-uvitame-prijemne-prostredi\/#breadcrumbitem"}]}]